{"id":1813,"date":"2025-06-10T02:13:33","date_gmt":"2025-06-10T02:13:33","guid":{"rendered":"https:\/\/redlat.cl\/?p=1813"},"modified":"2025-06-24T02:30:13","modified_gmt":"2025-06-24T02:30:13","slug":"centros-clacso-de-la-region-de-valparaiso-consolidan-red-de-colaboracion-academica","status":"publish","type":"post","link":"https:\/\/redlat.cl\/index.php\/2025\/06\/10\/centros-clacso-de-la-region-de-valparaiso-consolidan-red-de-colaboracion-academica\/","title":{"rendered":"Centros CLACSO de la Regi\u00f3n de Valpara\u00edso consolidan red de colaboraci\u00f3n acad\u00e9mica"},"content":{"rendered":"\t\t<div data-elementor-type=\"wp-post\" data-elementor-id=\"1813\" class=\"elementor elementor-1813\">\n\t\t\t\t<div class=\"elementor-element elementor-element-586b511d e-flex e-con-boxed e-con e-parent\" data-id=\"586b511d\" data-element_type=\"container\" data-e-type=\"container\">\n\t\t\t\t\t<div class=\"e-con-inner\">\n\t\t\t\t<div class=\"elementor-element elementor-element-726b72bb elementor-widget elementor-widget-text-editor\" data-id=\"726b72bb\" data-element_type=\"widget\" data-e-type=\"widget\" data-widget_type=\"text-editor.default\">\n\t\t\t\t<div class=\"elementor-widget-container\">\n\t\t\t\t\t\t\t\t\t<p><\/p>\n<p>En un encuentro hist\u00f3rico para la academia regional, representantes de los Centros Miembros del\u00a0Consejo Latinoamericano de Ciencias Sociales (CLACSO) de la Regi\u00f3n de Valpara\u00edso se reunieron el\u00a0pasado 11 de abril de 2025, en la Facultad de Ciencias de la Educaci\u00f3n de la Universidad de Playa\u00a0Ancha (UPLA) para fortalecer lazos de cooperaci\u00f3n y establecer nuevas l\u00edneas de trabajo conjunto.<br \/>La reuni\u00f3n, que cont\u00f3 con la destacada presencia del Dr. Pablo Vommaro, reconocido acad\u00e9mico y\u00a0representante de CLACSO, marc\u00f3 un hito en la articulaci\u00f3n de esfuerzos entre los distintos centros\u00a0de investigaci\u00f3n y universidades de la regi\u00f3n que forman parte de esta prestigiosa red\u00a0latinoamericana de pensamiento cr\u00edtico.<\/p>\n<p><\/p>\n<p>Durante el encuentro, desarrollado en un ambiente de di\u00e1logo constructivo y colaboraci\u00f3n, los\u00a0representantes de los diferentes centros CLACSO compartieron sus experiencias, proyectos en\u00a0<span style=\"font-size: 0.875rem;\">curso y visualizaron oportunidades de trabajo conjunto. La reuni\u00f3n se enmarc\u00f3 en una serie de\u00a0<\/span><span style=\"font-size: 0.875rem;\">actividades acad\u00e9micas que incluyen la participaci\u00f3n del Dr. Vommaro en diversos espacios de\u00a0<\/span><span style=\"font-size: 0.875rem;\">reflexi\u00f3n y debate.<\/span><\/p>\n<p>\u00abEste encuentro representa un paso fundamental en la consolidaci\u00f3n de una red regional de\u00a0investigaci\u00f3n y pensamiento cr\u00edtico\u00bb, destac\u00f3 el Coordinador de la Red Latinoamericana de\u00a0Educaci\u00f3n, Pol\u00edtica e Interculturalidad, David Miranda. \u00abLa presencia de diversos centros CLACSO\u00a0en la regi\u00f3n nos permite articular esfuerzos y potenciar el impacto de nuestras investigaciones en\u00a0el desarrollo social y acad\u00e9mico de Valpara\u00edso\u00bb, complementa el Nelson Carroza, Coordinador del<br \/>Observatorio de Participaci\u00f3n Social y Territorio de la Universidad de Playa Ancha.<br \/>Entre los temas abordados durante la reuni\u00f3n destacaron:<\/p>\n<ul>\n<li>Fortalecimiento de las redes de investigaci\u00f3n regional<\/li>\n<li>Desarrollo de proyectos colaborativos entre centros<\/li>\n<li>Promoci\u00f3n de la investigaci\u00f3n en pol\u00edticas educativas<\/li>\n<li>Impulso a estudios sobre educaci\u00f3n pol\u00edtica e interculturalidad<\/li>\n<li>Estrategias para la vinculaci\u00f3n con el medio social<\/li>\n<\/ul>\n<p>Este encuentro de Centros CLACSO representa un avance significativo en la consolidaci\u00f3n de las\u00a0ciencias sociales cr\u00edticas en la regi\u00f3n, fortaleciendo los v\u00ednculos entre instituciones acad\u00e9micas y\u00a0promoviendo una mayor integraci\u00f3n en la producci\u00f3n de conocimiento social relevante para el\u00a0desarrollo regional. La reuni\u00f3n concluy\u00f3 con el compromiso de mantener activos los canales de\u00a0comunicaci\u00f3n y colaboraci\u00f3n establecidos, as\u00ed como de implementar las iniciativas discutidas\u00a0durante el encuentro. Los participantes destacaron la importancia de estos espacios para el\u00a0fortalecimiento de la investigaci\u00f3n social en la regi\u00f3n y su contribuci\u00f3n al pensamiento cr\u00edtico\u00a0latinoamericano.<br \/>La agenda del Dr. Vommaro en la regi\u00f3n incluy\u00f3, adem\u00e1s, una participaci\u00f3n destacada en el\u00a0Doctorado en Educaci\u00f3n Consorciado, donde se reuni\u00f3 con investigadores de la l\u00ednea de Pol\u00edticas\u00a0Educativas, y Educaci\u00f3n Pol\u00edtica e Interculturalidad, as\u00ed como con miembros de la Red de\u00a0Educaci\u00f3n Pol\u00edtica e Interculturalidad (FOVI 240274). Como parte de su visita, el Dr. Vommaro\u00a0tambi\u00e9n ofreci\u00f3 la conferencia inaugural del a\u00f1o acad\u00e9mico en la Facultad de Ciencias de la\u00a0Educaci\u00f3n de la UPLA, el lunes 14 de abril en el Aula Magna Felix Morales de la Casa Central.<\/p>\n<p><\/p>\t\t\t\t\t\t\t\t<\/div>\n\t\t\t\t<\/div>\n\t\t\t\t\t<\/div>\n\t\t\t\t<\/div>\n\t\t\t\t<\/div>\n\t\t","protected":false},"excerpt":{"rendered":"<p>En un encuentro hist\u00f3rico para la academia regional, representantes de los Centros Miembros del\u00a0Consejo Latinoamericano de Ciencias Sociales (CLACSO) de la Regi\u00f3n de Valpara\u00edso se reunieron el\u00a0pasado 11 de abril &#8230;<\/p>\n","protected":false},"author":1,"featured_media":2128,"comment_status":"closed","ping_status":"open","sticky":false,"template":"","format":"standard","meta":{"footnotes":""},"categories":[18],"tags":[],"class_list":["post-1813","post","type-post","status-publish","format-standard","has-post-thumbnail","hentry","category-noticias"],"_links":{"self":[{"href":"https:\/\/redlat.cl\/index.php\/wp-json\/wp\/v2\/posts\/1813","targetHints":{"allow":["GET"]}}],"collection":[{"href":"https:\/\/redlat.cl\/index.php\/wp-json\/wp\/v2\/posts"}],"about":[{"href":"https:\/\/redlat.cl\/index.php\/wp-json\/wp\/v2\/types\/post"}],"author":[{"embeddable":true,"href":"https:\/\/redlat.cl\/index.php\/wp-json\/wp\/v2\/users\/1"}],"replies":[{"embeddable":true,"href":"https:\/\/redlat.cl\/index.php\/wp-json\/wp\/v2\/comments?post=1813"}],"version-history":[{"count":3,"href":"https:\/\/redlat.cl\/index.php\/wp-json\/wp\/v2\/posts\/1813\/revisions"}],"predecessor-version":[{"id":2061,"href":"https:\/\/redlat.cl\/index.php\/wp-json\/wp\/v2\/posts\/1813\/revisions\/2061"}],"wp:featuredmedia":[{"embeddable":true,"href":"https:\/\/redlat.cl\/index.php\/wp-json\/wp\/v2\/media\/2128"}],"wp:attachment":[{"href":"https:\/\/redlat.cl\/index.php\/wp-json\/wp\/v2\/media?parent=1813"}],"wp:term":[{"taxonomy":"category","embeddable":true,"href":"https:\/\/redlat.cl\/index.php\/wp-json\/wp\/v2\/categories?post=1813"},{"taxonomy":"post_tag","embeddable":true,"href":"https:\/\/redlat.cl\/index.php\/wp-json\/wp\/v2\/tags?post=1813"}],"curies":[{"name":"wp","href":"https:\/\/api.w.org\/{rel}","templated":true}]}}